{"id":8849,"date":"2026-04-27T06:47:34","date_gmt":"2026-04-27T04:47:34","guid":{"rendered":"https:\/\/www.btv.ch\/btv\/?p=8849"},"modified":"2026-04-27T06:47:36","modified_gmt":"2026-04-27T04:47:36","slug":"kutu-wieder-gold-fuer-leo-anliker-und-benjamin-kettern","status":"publish","type":"post","link":"https:\/\/www.btv.ch\/btv\/?p=8849","title":{"rendered":"KUTU: Wieder Gold f\u00fcr Leo Anliker und Benjamin Kettern"},"content":{"rendered":"\n<p>Malters, 18. April 2026.<\/p>\n\n\n\n<p>Auch bei den Mittell\u00e4ndischen Nachwuchsmeisterschaften in Malters lassen Leo Anliker und Benjamin Kettern nichts anbrennen. Routiniert turnen sie sich durch den Wettkampf und zeigen keine Schw\u00e4chen. F\u00fcr beide gibt es am Ende Gold.<\/p>\n\n\n\n<p>71 Turner starten in der Kategorie Einf\u00fchrungsprogramm. Mit 79.0 Punkten gewinnt <strong>Leo Anliker<\/strong> \u00fcberlegen den Wettkampf. Sowohl am Pferdpauschen, an den Ringen als auch am Barren und am Reck zeigt er in seiner Kategorie die beste \u00dcbung. Damit Ist Leo bester Turner im schweizerischen Mittelland. (Haupts\u00e4chlich die Kantone Luzern, Basel, Aargau und Solothurn.)<\/p>\n\n\n\n<p>Zweitbester BTV-Magnesianer im EP ist <strong>Ben Amrein<\/strong>. Er erzielt beim Pferdsprung die h\u00f6chste Note aller EP-Turner. Weitere Auszeichnungen in dieser Kategorie erturnen Robin Bodmer (17. Rang) und Yanis Emmenegger (48. Rang). Livio Caminada verpasst mit dem 53. Schlussrang die Auszeichnung nur knapp.<\/p>\n\n\n\n<p>Im Feld der 32 Turner vom Programm 1 turnt <strong>Luka Spiridonov<\/strong> sehr sauber. Mit 75.0 Punkten belegt er den ausgezeichneten 6. Schlussrang. Am Sprung und am Boden gelingen seine \u00dcbungen besonders gut, was jeweils mit der zweitbesten Note aller Turner in diesem Programm bewertet wird.<\/p>\n\n\n\n<p>Beim Programm 1 (U9) turnt <strong>Benjamin Kettern<\/strong> souver\u00e4n. An allen Ger\u00e4ten zeigt er in diesem Programm die h\u00f6chstbewerteten \u00dcbungen. Am Ende gibt es einen \u00fcberlegenen Sieg mit 75.7 Punkten und fast 4 Punkten Vorsprung auf den Zweitklassierten. <strong>Noa Pfulg<\/strong> gelingt der Wettkampf nicht wunschgem\u00e4\u00df. Am ende verpasst er die Medaille nur sehr knapp. 70.25 Punkte bedeuten den 4. Schlussrang.<\/p>\n\n\n\n<p>Sowohl Benjamin als auch Leo werden mit dem Leadertrikot der Mittellandwettk\u00e4mpfe ausgezeichnet.<\/p>\n\n\n\n<p>TK-Chef Bruno Nietlispach<\/p>\n\n\n\n<figure class=\"wp-block-gallery has-nested-images columns-default is-cropped wp-block-gallery-1 is-layout-flex wp-block-gallery-is-layout-flex\">\n<figure class=\"wp-block-image size-large\"><a href=\"https:\/\/www.btv.ch\/btv\/wp-content\/uploads\/2026\/04\/IMG-20260420-WA0005-scaled.jpg\"><img loading=\"lazy\" decoding=\"async\" width=\"768\" height=\"1024\" data-id=\"8851\" src=\"https:\/\/www.btv.ch\/btv\/wp-content\/uploads\/2026\/04\/IMG-20260420-WA0005-768x1024.jpg\" alt=\"\" class=\"wp-image-8851\" srcset=\"https:\/\/www.btv.ch\/btv\/wp-content\/uploads\/2026\/04\/IMG-20260420-WA0005-768x1024.jpg 768w, https:\/\/www.btv.ch\/btv\/wp-content\/uploads\/2026\/04\/IMG-20260420-WA0005-225x300.jpg 225w, https:\/\/www.btv.ch\/btv\/wp-content\/uploads\/2026\/04\/IMG-20260420-WA0005-1152x1536.jpg 1152w, https:\/\/www.btv.ch\/btv\/wp-content\/uploads\/2026\/04\/IMG-20260420-WA0005-1536x2048.jpg 1536w, https:\/\/www.btv.ch\/btv\/wp-content\/uploads\/2026\/04\/IMG-20260420-WA0005-scaled.jpg 1920w\" sizes=\"auto, (max-width: 768px) 100vw, 768px\" \/><\/a><\/figure>\n\n\n\n<figure class=\"wp-block-image size-large\"><a href=\"https:\/\/www.btv.ch\/btv\/wp-content\/uploads\/2026\/04\/Benjamin-malters-2026.jpg\"><img loading=\"lazy\" decoding=\"async\" width=\"299\" height=\"322\" data-id=\"8852\" src=\"https:\/\/www.btv.ch\/btv\/wp-content\/uploads\/2026\/04\/Benjamin-malters-2026.jpg\" alt=\"\" class=\"wp-image-8852\" srcset=\"https:\/\/www.btv.ch\/btv\/wp-content\/uploads\/2026\/04\/Benjamin-malters-2026.jpg 299w, https:\/\/www.btv.ch\/btv\/wp-content\/uploads\/2026\/04\/Benjamin-malters-2026-279x300.jpg 279w\" sizes=\"auto, (max-width: 299px) 100vw, 299px\" \/><\/a><\/figure>\n<\/figure>\n","protected":false},"excerpt":{"rendered":"<p>Malters, 18. April 2026. Auch bei den Mittell\u00e4ndischen Nachwuchsmeisterschaften in Malters lassen Leo Anliker und Benjamin Kettern nichts anbrennen. Routiniert turnen sie sich durch den Wettkampf und zeigen keine Schw\u00e4chen. F\u00fcr beide gibt es am Ende Gold. 71 Turner starten in der Kategorie Einf\u00fchrungsprogramm. Mit 79.0 Punkten gewinnt Leo Anliker \u00fcberlegen den Wettkampf. Sowohl am Pferdpauschen, an den Ringen als [&#8230;]<\/p>\n","protected":false},"author":5,"featured_media":8850,"comment_status":"closed","ping_status":"closed","sticky":false,"template":"","format":"standard","meta":{"_monsterinsights_skip_tracking":false,"_monsterinsights_sitenote_active":false,"_monsterinsights_sitenote_note":"","_monsterinsights_sitenote_category":0,"footnotes":""},"categories":[1],"tags":[],"class_list":["post-8849","post","type-post","status-publish","format-standard","has-post-thumbnail","hentry","category-allgemein"],"_links":{"self":[{"href":"https:\/\/www.btv.ch\/btv\/index.php?rest_route=\/wp\/v2\/posts\/8849","targetHints":{"allow":["GET"]}}],"collection":[{"href":"https:\/\/www.btv.ch\/btv\/index.php?rest_route=\/wp\/v2\/posts"}],"about":[{"href":"https:\/\/www.btv.ch\/btv\/index.php?rest_route=\/wp\/v2\/types\/post"}],"author":[{"embeddable":true,"href":"https:\/\/www.btv.ch\/btv\/index.php?rest_route=\/wp\/v2\/users\/5"}],"replies":[{"embeddable":true,"href":"https:\/\/www.btv.ch\/btv\/index.php?rest_route=%2Fwp%2Fv2%2Fcomments&post=8849"}],"version-history":[{"count":1,"href":"https:\/\/www.btv.ch\/btv\/index.php?rest_route=\/wp\/v2\/posts\/8849\/revisions"}],"predecessor-version":[{"id":8853,"href":"https:\/\/www.btv.ch\/btv\/index.php?rest_route=\/wp\/v2\/posts\/8849\/revisions\/8853"}],"wp:featuredmedia":[{"embeddable":true,"href":"https:\/\/www.btv.ch\/btv\/index.php?rest_route=\/wp\/v2\/media\/8850"}],"wp:attachment":[{"href":"https:\/\/www.btv.ch\/btv\/index.php?rest_route=%2Fwp%2Fv2%2Fmedia&parent=8849"}],"wp:term":[{"taxonomy":"category","embeddable":true,"href":"https:\/\/www.btv.ch\/btv\/index.php?rest_route=%2Fwp%2Fv2%2Fcategories&post=8849"},{"taxonomy":"post_tag","embeddable":true,"href":"https:\/\/www.btv.ch\/btv\/index.php?rest_route=%2Fwp%2Fv2%2Ftags&post=8849"}],"curies":[{"name":"wp","href":"https:\/\/api.w.org\/{rel}","templated":true}]}}